[{"command":"settings","settings":{"pluralDelimiter":"\u0003","ks_filters":{"library":"stacktable","table_type":"stacktable"},"user":{"uid":0,"permissionsHash":"5a9318b3d2ecc4cf1c1625a038e7a48c2a4268b2a9e978aaf2b0603d5dba0a4b"}},"merge":true},{"command":"add_css","data":[{"rel":"stylesheet","media":"all","href":"\/sites\/default\/files\/css\/css_29tjaqVfSYDOvdAlfl8L-IG0FJ_o4Kz-JV17wrx_MK8.css?delta=0\u0026language=sv\u0026theme=puustelli\u0026include=eJxNyUEKACEIAMAPrfSkxUpC1jTSiH6_164zn7_CeeJk8uSB5QvMQs9Yy4NEOHWqjADcsd2sVglg0HRTgG4V5dp9nPdpUEyDNH77cSe0"},{"rel":"stylesheet","media":"all","href":"\/sites\/default\/files\/css\/css_f_0VlpQUNHsS3RKR9WGKDrA7Y2otZFJ30njobp9MqiM.css?delta=1\u0026language=sv\u0026theme=puustelli\u0026include=eJxNyUEKACEIAMAPrfSkxUpC1jTSiH6_164zn7_CeeJk8uSB5QvMQs9Yy4NEOHWqjADcsd2sVglg0HRTgG4V5dp9nPdpUEyDNH77cSe0"}]},{"command":"add_js","selector":"body","data":[{"src":"\/core\/assets\/vendor\/jquery\/jquery.min.js?v=4.0.0-rc.1"},{"src":"\/sites\/default\/files\/js\/js_I08VxmOswtQvP7505PygiXwWo1VU8n18O1CRYsXSqII.js?scope=footer\u0026delta=1\u0026language=sv\u0026theme=puustelli\u0026include=eJzLLo5Py8wpSS0q1i8uSUzOLklMyknVKSgtLS5JzcnJjM_NT0nM0QeTAH5yET8"}]},{"command":"openDialog","selector":"#drupal-modal","settings":null,"data":"\n\n\n\n\t\u003Carticle about=\u0022\/zoltan-kalbori\u0022 class=\u0022node node--type-person person person--modal\u0022\u003E\n\t\t\u003Cdiv class=\u0022has-description person__inner\u0022\u003E\n\t\t\t\t\t\t\u003Cdiv class=\u0022image-wrapper\u0022\u003E\n\t\t\t\t\n\n\n  \u003Cdiv class=\u0022field field--name-field-image field--type-entity-reference field__items\u0022\u003E\n    \n                  \n\n\u003Carticle class=\u0022media media--type-image media--view-mode-person-image\u0022\u003E\n\t\n\t\t\t\n\n\n  \u003Cdiv class=\u0022field field--name-field-media-image field--type-image field__items\u0022\u003E\n    \n                    \u003Cimg loading=\u0022lazy\u0022 src=\u0022\/sites\/default\/files\/styles\/person_image_small\/public\/2025-02\/Zoltan-Kalbori_448.jpg?itok=LjI5unQR\u0022 width=\u0022170\u0022 height=\u0022170\u0022 alt=\u0022Zoltan Kalbori, Puustelli K\u00f6k\u0022 typeof=\u0022foaf:Image\u0022 class=\u0022image-style-person-image-small\u0022 \/\u003E\n\n\n\n            \u003C\/div\u003E\n\n\n\t\u003C\/article\u003E\n\n\n            \u003C\/div\u003E\n\n\n\t\t\t\u003C\/div\u003E\n\t\t\t\u003Cdiv class=\u0022content-wrapper\u0022\u003E\n\t\t\t\t\u003Ch2\u003E\u003Cspan class=\u0022field field--name-title field--type-string field--label-hidden\u0022\u003EZoltan Kalbori\u003C\/span\u003E\n\u003C\/h2\u003E\n\t\t\t\t\n\n\n  \u003Cdiv class=\u0022field field--name-field-job-title field--type-string field__items\u0022\u003E\n    \n                  Butikschef\n            \u003C\/div\u003E\n\n\n\n\n  \u003Cdiv class=\u0022field field--name-field-phone field--type-string field__items\u0022\u003E\n    \n                  0709-75 44 13\n            \u003C\/div\u003E\n\n\n\n\n  \u003Cdiv class=\u0022field field--name-field-email field--type-email field__items\u0022\u003E\n    \n                  \u003Ca href=\u0022mailto:zoltan.kalbori@puustelli.com\u0022\u003Ezoltan.kalbori@puustelli.com\u003C\/a\u003E\n            \u003C\/div\u003E\n\n\n\n\n  \u003Cdiv class=\u0022wysiwyg-content clearfix text-formatted field field--name-body field--type-text-with-summary field__items\u0022\u003E\n    \n                  \u003Cp\u003EJag har arbetat p\u00e5 Puustelli sedan 2003 och \u00e4r idag butikschef i Nacka. Tidigare har jag \u00e4ven haft ansvar f\u00f6r butiken i Kungens Kurva, vilket har gett mig bred erfarenhet av b\u00e5de k\u00f6ksplanering och ledarskap. Mitt fokus har alltid varit att skapa genomt\u00e4nkta k\u00f6ksl\u00f6sningar d\u00e4r funktion, estetik och kvalitet samspelar, och d\u00e4r processen k\u00e4nns trygg hela v\u00e4gen.\u003C\/p\u003E\u003Cp\u003EMin bakgrund inom m\u00e5leri har gett mig en god f\u00f6rst\u00e5else f\u00f6r f\u00e4rgs\u00e4ttning, materialval och detaljer, kunskaper som jag har stor nytta av i k\u00f6ksplaneringen. I mitt arbete l\u00e4gger jag stor vikt vid struktur, noggrannhet och att ta ansvar f\u00f6r helheten, fr\u00e5n f\u00f6rsta id\u00e9 och tekniska f\u00f6ruts\u00e4ttningar till f\u00e4rdigt k\u00f6k.\u003C\/p\u003E\u003Cp\u003EJag ser k\u00f6ksrenovering som ett samspel mellan m\u00e5nga delar, d\u00e4r b\u00e5de design och praktiska l\u00f6sningar beh\u00f6ver fungera tillsammans. M\u00e5let \u00e4r alltid att skapa k\u00f6k som fungerar i vardagen, h\u00e5ller \u00f6ver tid och k\u00e4nns r\u00e4tt i sin helhet.\u003C\/p\u003E\u003Cp\u003E\u0026nbsp;\u003C\/p\u003E\n            \u003C\/div\u003E\n\n\n\n\n  \u003Cdiv class=\u0022field field--name-field-link field--type-link field__items\u0022\u003E\n    \n                  \u003Ca href=\u0022https:\/\/koksgalleri.se\/haku\/?_butik=kungens-kurva\u0022\u003ESe k\u00f6k fr\u00e5n v\u00e5r butik\u003C\/a\u003E\n            \u003C\/div\u003E\n\n\n\t\t\t\u003C\/div\u003E\n\t\t\t\t\t\u003C\/div\u003E\n\t\u003C\/article\u003E\n\n\n","dialogOptions":{"modal":true,"title":"Zoltan Kalbori","classes":{"ui-dialog":"has-description"}}}]