[{"command":"settings","settings":{"pluralDelimiter":"\u0003","ks_filters":{"library":"stacktable","table_type":"stacktable"},"user":{"uid":0,"permissionsHash":"5a9318b3d2ecc4cf1c1625a038e7a48c2a4268b2a9e978aaf2b0603d5dba0a4b"}},"merge":true},{"command":"add_css","data":[{"rel":"stylesheet","media":"all","href":"\/sites\/default\/files\/css\/css_29tjaqVfSYDOvdAlfl8L-IG0FJ_o4Kz-JV17wrx_MK8.css?delta=0\u0026language=sv\u0026theme=puustelli\u0026include=eJxNyUEKACEIAMAPrfSkxUpC1jTSiH6_164zn7_CeeJk8uSB5QvMQs9Yy4NEOHWqjADcsd2sVglg0HRTgG4V5dp9nPdpUEyDNH77cSe0"},{"rel":"stylesheet","media":"all","href":"\/sites\/default\/files\/css\/css_f_0VlpQUNHsS3RKR9WGKDrA7Y2otZFJ30njobp9MqiM.css?delta=1\u0026language=sv\u0026theme=puustelli\u0026include=eJxNyUEKACEIAMAPrfSkxUpC1jTSiH6_164zn7_CeeJk8uSB5QvMQs9Yy4NEOHWqjADcsd2sVglg0HRTgG4V5dp9nPdpUEyDNH77cSe0"}]},{"command":"add_js","selector":"body","data":[{"src":"\/core\/assets\/vendor\/jquery\/jquery.min.js?v=4.0.0-rc.1"},{"src":"\/sites\/default\/files\/js\/js_I08VxmOswtQvP7505PygiXwWo1VU8n18O1CRYsXSqII.js?scope=footer\u0026delta=1\u0026language=sv\u0026theme=puustelli\u0026include=eJzLLo5Py8wpSS0q1i8uSUzOLklMyknVKSgtLS5JzcnJjM_NT0nM0QeTAH5yET8"}]},{"command":"openDialog","selector":"#drupal-modal","settings":null,"data":"\n\n\n\n\t\u003Carticle about=\u0022\/sofia-bjorkling\u0022 class=\u0022node node--type-person person person--modal\u0022\u003E\n\t\t\u003Cdiv class=\u0022has-description person__inner\u0022\u003E\n\t\t\t\t\t\t\u003Cdiv class=\u0022image-wrapper\u0022\u003E\n\t\t\t\t\n\n\n  \u003Cdiv class=\u0022field field--name-field-image field--type-entity-reference field__items\u0022\u003E\n    \n                  \n\n\u003Carticle class=\u0022media media--type-image media--view-mode-person-image\u0022\u003E\n\t\n\t\t\t\n\n\n  \u003Cdiv class=\u0022field field--name-field-media-image field--type-image field__items\u0022\u003E\n    \n                    \u003Cimg loading=\u0022lazy\u0022 src=\u0022\/sites\/default\/files\/styles\/person_image_small\/public\/2020-12\/Sofia-Bj%C3%B6rkling_448.jpg?itok=ilcrBb41\u0022 width=\u0022170\u0022 height=\u0022170\u0022 alt=\u0022Sofia Bj\u00f6rkling, Puustelli K\u00f6k Kungens Kurva\u0022 typeof=\u0022foaf:Image\u0022 class=\u0022image-style-person-image-small\u0022 \/\u003E\n\n\n\n            \u003C\/div\u003E\n\n\n\t\u003C\/article\u003E\n\n\n            \u003C\/div\u003E\n\n\n\t\t\t\u003C\/div\u003E\n\t\t\t\u003Cdiv class=\u0022content-wrapper\u0022\u003E\n\t\t\t\t\u003Ch2\u003E\u003Cspan class=\u0022field field--name-title field--type-string field--label-hidden\u0022\u003ESofia Bj\u00f6rkling\u003C\/span\u003E\n\u003C\/h2\u003E\n\t\t\t\t\n\n\n  \u003Cdiv class=\u0022field field--name-field-job-title field--type-string field__items\u0022\u003E\n    \n                  K\u00f6ksinredare\n            \u003C\/div\u003E\n\n\n\n\n  \u003Cdiv class=\u0022field field--name-field-phone field--type-string field__items\u0022\u003E\n    \n                  0709-75 12 44\n            \u003C\/div\u003E\n\n\n\n\n  \u003Cdiv class=\u0022field field--name-field-email field--type-email field__items\u0022\u003E\n    \n                  \u003Ca href=\u0022mailto:sofia.bjorkling@puustelli.com\u0022\u003Esofia.bjorkling@puustelli.com\u003C\/a\u003E\n            \u003C\/div\u003E\n\n\n\n\n  \u003Cdiv class=\u0022wysiwyg-content clearfix text-formatted field field--name-body field--type-text-with-summary field__items\u0022\u003E\n    \n                  \u003Cp\u003EJag har arbetat p\u00e5 Puustellik\u00f6k sedan 2018. Min bakgrund finns inom b\u00e5de k\u00f6k, badrum och inredning, med erfarenhet fr\u00e5n roller som s\u00e4ljare och inredare, samt eget f\u00f6retagande. Det har gett mig en bred f\u00f6rst\u00e5else f\u00f6r design, materialval och kundm\u00f6ten, n\u00e5got jag har stor nytta av i mitt arbete idag.\u003C\/p\u003E\u003Cp\u003EI k\u00f6ksplaneringen l\u00e4gger jag stor vikt vid detaljer, material och helhet. F\u00f6r mig \u00e4r det viktigt att varje k\u00f6k k\u00e4nns genomt\u00e4nkt och harmoniskt, b\u00e5de i uttryck och funktion, och att det samspelar med resten av hemmet. Genom att vara lyh\u00f6rd och arbeta n\u00e4ra kunden str\u00e4var jag efter att skapa l\u00f6sningar som \u00e4r personliga, h\u00e5llbara och tidl\u00f6sa.\u003C\/p\u003E\u003Cp\u003EDet jag uppskattar mest med mitt arbete \u00e4r den kreativa processen och m\u00f6tet med m\u00e4nniskor. Att f\u00e5 f\u00f6lja ett k\u00f6k fr\u00e5n id\u00e9 till f\u00e4rdig l\u00f6sning, och se hur det blir en naturlig del av kundens vardag, \u00e4r det som driver mig i varje projekt.\u003C\/p\u003E\n            \u003C\/div\u003E\n\n\n\t\t\t\u003C\/div\u003E\n\t\t\t\t\t\u003C\/div\u003E\n\t\u003C\/article\u003E\n\n\n","dialogOptions":{"modal":true,"title":"Sofia Bj\u00f6rkling","classes":{"ui-dialog":"has-description"}}}]