[{"command":"settings","settings":{"pluralDelimiter":"\u0003","ks_filters":{"library":"stacktable","table_type":"stacktable"},"user":{"uid":0,"permissionsHash":"5a9318b3d2ecc4cf1c1625a038e7a48c2a4268b2a9e978aaf2b0603d5dba0a4b"}},"merge":true},{"command":"add_css","data":[{"rel":"stylesheet","media":"all","href":"\/sites\/default\/files\/css\/css_29tjaqVfSYDOvdAlfl8L-IG0FJ_o4Kz-JV17wrx_MK8.css?delta=0\u0026language=sv\u0026theme=puustelli\u0026include=eJxNyUEKACEIAMAPrfSkxUpC1jTSiH6_164zn7_CeeJk8uSB5QvMQs9Yy4NEOHWqjADcsd2sVglg0HRTgG4V5dp9nPdpUEyDNH77cSe0"},{"rel":"stylesheet","media":"all","href":"\/sites\/default\/files\/css\/css_f_0VlpQUNHsS3RKR9WGKDrA7Y2otZFJ30njobp9MqiM.css?delta=1\u0026language=sv\u0026theme=puustelli\u0026include=eJxNyUEKACEIAMAPrfSkxUpC1jTSiH6_164zn7_CeeJk8uSB5QvMQs9Yy4NEOHWqjADcsd2sVglg0HRTgG4V5dp9nPdpUEyDNH77cSe0"}]},{"command":"add_js","selector":"body","data":[{"src":"\/core\/assets\/vendor\/jquery\/jquery.min.js?v=4.0.0-rc.1"},{"src":"\/sites\/default\/files\/js\/js_I08VxmOswtQvP7505PygiXwWo1VU8n18O1CRYsXSqII.js?scope=footer\u0026delta=1\u0026language=sv\u0026theme=puustelli\u0026include=eJzLLo5Py8wpSS0q1i8uSUzOLklMyknVKSgtLS5JzcnJjM_NT0nM0QeTAH5yET8"}]},{"command":"openDialog","selector":"#drupal-modal","settings":null,"data":"\n\n\n\n\t\u003Carticle about=\u0022\/andreas-kohler\u0022 class=\u0022node node--type-person person person--modal\u0022\u003E\n\t\t\u003Cdiv class=\u0022has-description person__inner\u0022\u003E\n\t\t\t\t\t\t\u003Cdiv class=\u0022image-wrapper\u0022\u003E\n\t\t\t\t\n\n\n  \u003Cdiv class=\u0022field field--name-field-image field--type-entity-reference field__items\u0022\u003E\n    \n                  \n\n\u003Carticle class=\u0022media media--type-image media--view-mode-person-image\u0022\u003E\n\t\n\t\t\t\n\n\n  \u003Cdiv class=\u0022field field--name-field-media-image field--type-image field__items\u0022\u003E\n    \n                    \u003Cimg loading=\u0022lazy\u0022 src=\u0022\/sites\/default\/files\/styles\/person_image_small\/public\/2022-06\/Andreas_K%C3%B6hler_448.jpg?itok=CmfTRzRq\u0022 width=\u0022170\u0022 height=\u0022170\u0022 alt=\u0022Andreas K\u00f6hler\u0022 typeof=\u0022foaf:Image\u0022 class=\u0022image-style-person-image-small\u0022 \/\u003E\n\n\n\n            \u003C\/div\u003E\n\n\n\t\u003C\/article\u003E\n\n\n            \u003C\/div\u003E\n\n\n\t\t\t\u003C\/div\u003E\n\t\t\t\u003Cdiv class=\u0022content-wrapper\u0022\u003E\n\t\t\t\t\u003Ch2\u003E\u003Cspan class=\u0022field field--name-title field--type-string field--label-hidden\u0022\u003EAndreas K\u00f6hler\u003C\/span\u003E\n\u003C\/h2\u003E\n\t\t\t\t\n\n\n  \u003Cdiv class=\u0022field field--name-field-job-title field--type-string field__items\u0022\u003E\n    \n                  K\u00f6ksinredare\n            \u003C\/div\u003E\n\n\n\n\n  \u003Cdiv class=\u0022field field--name-field-phone field--type-string field__items\u0022\u003E\n    \n                  0709-754 423\n            \u003C\/div\u003E\n\n\n\n\n  \u003Cdiv class=\u0022field field--name-field-email field--type-email field__items\u0022\u003E\n    \n                  \u003Ca href=\u0022mailto:andreas.kohler@puustelli.com\u0022\u003Eandreas.kohler@puustelli.com\u003C\/a\u003E\n            \u003C\/div\u003E\n\n\n\n\n  \u003Cdiv class=\u0022wysiwyg-content clearfix text-formatted field field--name-body field--type-text-with-summary field__items\u0022\u003E\n    \n                  \u003Cp\u003EJag har arbetat p\u00e5 Puustelli i Nacka sedan 2005 och har under \u00e5ren byggt upp en gedigen erfarenhet inom k\u00f6ksdesign och f\u00f6rs\u00e4ljning. Med bakgrund inom f\u00f6rs\u00e4ljning och implementering av ekonomisystem har jag med mig en strukturerad och analytisk grund, n\u00e5got som \u00e4r en stor tillg\u00e5ng i planeringen av genomt\u00e4nkta k\u00f6ksl\u00f6sningar.\u003C\/p\u003E\u003Cp\u003EI mitt arbete l\u00e4gger jag stor vikt vid noggrannhet, lyh\u00f6rdhet och att verkligen f\u00f6rst\u00e5 kundens behov. M\u00e5nga av mina uppdrag bygger p\u00e5 \u00e5terkommande kunder och rekommendationer, vilket jag ser som ett kvitto p\u00e5 ett arbetss\u00e4tt d\u00e4r kvalitet och f\u00f6rtroende st\u00e5r i centrum. Genom tydlig kommunikation och kreativa l\u00f6sningar str\u00e4var jag efter att varje k\u00f6k ska fungera lika bra i vardagen som det g\u00f6r visuellt.\u003C\/p\u003E\u003Cp\u003EEfter hembes\u00f6k och m\u00f6ten \u00e5terkopplar jag snabbt med genomarbetade f\u00f6rslag och tydliga underlag. F\u00f6r mig handlar k\u00f6ksf\u00f6rs\u00e4ljning om att g\u00f6ra komplexa val begripliga och hj\u00e4lpa kunden att k\u00e4nna sig trygg i varje beslut.\u003C\/p\u003E\n            \u003C\/div\u003E\n\n\n\t\t\t\u003C\/div\u003E\n\t\t\t\t\t\u003C\/div\u003E\n\t\u003C\/article\u003E\n\n\n","dialogOptions":{"modal":true,"title":"Andreas K\u00f6hler","classes":{"ui-dialog":"has-description"}}}]