[{"command":"settings","settings":{"pluralDelimiter":"\u0003","ks_filters":{"library":"stacktable","table_type":"stacktable"},"user":{"uid":0,"permissionsHash":"5a9318b3d2ecc4cf1c1625a038e7a48c2a4268b2a9e978aaf2b0603d5dba0a4b"}},"merge":true},{"command":"add_css","data":[{"rel":"stylesheet","media":"all","href":"\/sites\/default\/files\/css\/css_29tjaqVfSYDOvdAlfl8L-IG0FJ_o4Kz-JV17wrx_MK8.css?delta=0\u0026language=sv\u0026theme=puustelli\u0026include=eJxNyUEKACEIAMAPrfSkxUpC1jTSiH6_164zn7_CeeJk8uSB5QvMQs9Yy4NEOHWqjADcsd2sVglg0HRTgG4V5dp9nPdpUEyDNH77cSe0"},{"rel":"stylesheet","media":"all","href":"\/sites\/default\/files\/css\/css_f_0VlpQUNHsS3RKR9WGKDrA7Y2otZFJ30njobp9MqiM.css?delta=1\u0026language=sv\u0026theme=puustelli\u0026include=eJxNyUEKACEIAMAPrfSkxUpC1jTSiH6_164zn7_CeeJk8uSB5QvMQs9Yy4NEOHWqjADcsd2sVglg0HRTgG4V5dp9nPdpUEyDNH77cSe0"}]},{"command":"add_js","selector":"body","data":[{"src":"\/core\/assets\/vendor\/jquery\/jquery.min.js?v=4.0.0-rc.1"},{"src":"\/sites\/default\/files\/js\/js_I08VxmOswtQvP7505PygiXwWo1VU8n18O1CRYsXSqII.js?scope=footer\u0026delta=1\u0026language=sv\u0026theme=puustelli\u0026include=eJzLLo5Py8wpSS0q1i8uSUzOLklMyknVKSgtLS5JzcnJjM_NT0nM0QeTAH5yET8"}]},{"command":"openDialog","selector":"#drupal-modal","settings":null,"data":"\n\n\n\n\t\u003Carticle about=\u0022\/magnus-lind\u0022 class=\u0022node node--type-person person person--modal\u0022\u003E\n\t\t\u003Cdiv class=\u0022has-description person__inner\u0022\u003E\n\t\t\t\t\t\t\u003Cdiv class=\u0022image-wrapper\u0022\u003E\n\t\t\t\t\n\n\n  \u003Cdiv class=\u0022field field--name-field-image field--type-entity-reference field__items\u0022\u003E\n    \n                  \n\n\u003Carticle class=\u0022media media--type-image media--view-mode-person-image\u0022\u003E\n\t\n\t\t\t\n\n\n  \u003Cdiv class=\u0022field field--name-field-media-image field--type-image field__items\u0022\u003E\n    \n                    \u003Cimg loading=\u0022lazy\u0022 src=\u0022\/sites\/default\/files\/styles\/person_image_small\/public\/2025-01\/Magnus_Lind_2025_448.jpg?itok=u-tXgH_6\u0022 width=\u0022170\u0022 height=\u0022170\u0022 alt=\u0022Magnus_Lind_2025_448\u0022 typeof=\u0022foaf:Image\u0022 class=\u0022image-style-person-image-small\u0022 \/\u003E\n\n\n\n            \u003C\/div\u003E\n\n\n\t\u003C\/article\u003E\n\n\n            \u003C\/div\u003E\n\n\n\t\t\t\u003C\/div\u003E\n\t\t\t\u003Cdiv class=\u0022content-wrapper\u0022\u003E\n\t\t\t\t\u003Ch2\u003E\u003Cspan class=\u0022field field--name-title field--type-string field--label-hidden\u0022\u003EMagnus Lind\u003C\/span\u003E\n\u003C\/h2\u003E\n\t\t\t\t\n\n\n  \u003Cdiv class=\u0022field field--name-field-job-title field--type-string field__items\u0022\u003E\n    \n                  Butikschef\n            \u003C\/div\u003E\n\n\n\n\n  \u003Cdiv class=\u0022field field--name-field-phone field--type-string field__items\u0022\u003E\n    \n                  0763-17 72 82\n            \u003C\/div\u003E\n\n\n\n\n  \u003Cdiv class=\u0022field field--name-field-email field--type-email field__items\u0022\u003E\n    \n                  \u003Ca href=\u0022mailto:magnus.lind@puustelli.com\u0022\u003Emagnus.lind@puustelli.com\u003C\/a\u003E\n            \u003C\/div\u003E\n\n\n\n\n  \u003Cdiv class=\u0022wysiwyg-content clearfix text-formatted field field--name-body field--type-text-with-summary field__items\u0022\u003E\n    \n                  \u003Cp\u003E\u003Cspan\u003EJag \u00e4lskar att ta projekt fr\u00e5n dr\u00f6mmar till f\u00e4rdig produkt. Att tillsammans med kund g\u00e5 hela v\u00e4gen fr\u00e5n id\u00e9er, vidare genom designfasen, projektplaneringen och byggprocessen, f\u00f6r att till sist l\u00e4mna \u00f6ver dr\u00f6mk\u00f6ket i fast form \u2013 det \u00e4r sann gl\u00e4dje f\u00f6r mig. Jag beh\u00f6ver ett omv\u00e4xlande arbete f\u00f6r att trivas riktigt bra och det \u00e4r n\u00e5got jag f\u00e5r i \u00f6verfl\u00f6d som k\u00f6ksinredare och projektledare p\u00e5 Puustelli.\u003C\/span\u003E\u003C\/p\u003E\u003Cp\u003E\u003Cspan\u003ESom person \u00e4r jag nyfiken och lyh\u00f6rd inf\u00f6r andra. Jag har en optimistisk syn p\u00e5 livet \u00e4ven i tuffa stunder och tror p\u00e5 m\u00e4nniskans f\u00f6rm\u00e5ga att v\u00e4xa. Jag sl\u00e5r g\u00e4rna ett extra slag f\u00f6r en mer h\u00e5llbar livsstil, vilket ocks\u00e5 \u00e4r en anledning till att jag jobbar med produkter som h\u00e5ller i l\u00e4ngden. F\u00f6r att koppla av och ladda batterierna s\u00e5 umg\u00e5s jag g\u00e4rna med n\u00e4ra och k\u00e4ra i v\u00e5r underbara natur. Det finns mycket kraft att h\u00e4mta d\u00e4rute.\u003C\/span\u003E\u003C\/p\u003E\n            \u003C\/div\u003E\n\n\n\t\t\t\u003C\/div\u003E\n\t\t\t\t\t\u003C\/div\u003E\n\t\u003C\/article\u003E\n\n\n","dialogOptions":{"modal":true,"title":"Magnus Lind","classes":{"ui-dialog":"has-description"}}}]