[{"command":"settings","settings":{"pluralDelimiter":"\u0003","ks_filters":{"library":"stacktable","table_type":"stacktable"},"user":{"uid":0,"permissionsHash":"5a9318b3d2ecc4cf1c1625a038e7a48c2a4268b2a9e978aaf2b0603d5dba0a4b"}},"merge":true},{"command":"add_css","data":[{"rel":"stylesheet","media":"all","href":"\/sites\/default\/files\/css\/css_29tjaqVfSYDOvdAlfl8L-IG0FJ_o4Kz-JV17wrx_MK8.css?delta=0\u0026language=sv\u0026theme=puustelli\u0026include=eJxNyUEKACEIAMAPrfSkxUpC1jTSiH6_164zn7_CeeJk8uSB5QvMQs9Yy4NEOHWqjADcsd2sVglg0HRTgG4V5dp9nPdpUEyDNH77cSe0"},{"rel":"stylesheet","media":"all","href":"\/sites\/default\/files\/css\/css_f_0VlpQUNHsS3RKR9WGKDrA7Y2otZFJ30njobp9MqiM.css?delta=1\u0026language=sv\u0026theme=puustelli\u0026include=eJxNyUEKACEIAMAPrfSkxUpC1jTSiH6_164zn7_CeeJk8uSB5QvMQs9Yy4NEOHWqjADcsd2sVglg0HRTgG4V5dp9nPdpUEyDNH77cSe0"}]},{"command":"add_js","selector":"body","data":[{"src":"\/core\/assets\/vendor\/jquery\/jquery.min.js?v=4.0.0-rc.1"},{"src":"\/sites\/default\/files\/js\/js_I08VxmOswtQvP7505PygiXwWo1VU8n18O1CRYsXSqII.js?scope=footer\u0026delta=1\u0026language=sv\u0026theme=puustelli\u0026include=eJzLLo5Py8wpSS0q1i8uSUzOLklMyknVKSgtLS5JzcnJjM_NT0nM0QeTAH5yET8"}]},{"command":"openDialog","selector":"#drupal-modal","settings":null,"data":"\n\n\n\n\t\u003Carticle about=\u0022\/pernilla-block\u0022 class=\u0022node node--type-person person person--modal\u0022\u003E\n\t\t\u003Cdiv class=\u0022has-description person__inner\u0022\u003E\n\t\t\t\t\t\t\u003Cdiv class=\u0022image-wrapper\u0022\u003E\n\t\t\t\t\n\n\n  \u003Cdiv class=\u0022field field--name-field-image field--type-entity-reference field__items\u0022\u003E\n    \n                  \n\n\u003Carticle class=\u0022media media--type-image media--view-mode-person-image\u0022\u003E\n\t\n\t\t\t\n\n\n  \u003Cdiv class=\u0022field field--name-field-media-image field--type-image field__items\u0022\u003E\n    \n                    \u003Cimg loading=\u0022lazy\u0022 src=\u0022\/sites\/default\/files\/styles\/person_image_small\/public\/2021-02\/Pernilla_Block_448.jpg?itok=b18kSjri\u0022 width=\u0022170\u0022 height=\u0022170\u0022 alt=\u0022Pernilla Block\u0022 typeof=\u0022foaf:Image\u0022 class=\u0022image-style-person-image-small\u0022 \/\u003E\n\n\n\n            \u003C\/div\u003E\n\n\n\t\u003C\/article\u003E\n\n\n            \u003C\/div\u003E\n\n\n\t\t\t\u003C\/div\u003E\n\t\t\t\u003Cdiv class=\u0022content-wrapper\u0022\u003E\n\t\t\t\t\u003Ch2\u003E\u003Cspan class=\u0022field field--name-title field--type-string field--label-hidden\u0022\u003EPernilla Block\u003C\/span\u003E\n\u003C\/h2\u003E\n\t\t\t\t\n\n\n  \u003Cdiv class=\u0022field field--name-field-job-title field--type-string field__items\u0022\u003E\n    \n                  Butikschef \/ K\u00f6ksinredare\n            \u003C\/div\u003E\n\n\n\n\n  \u003Cdiv class=\u0022field field--name-field-phone field--type-string field__items\u0022\u003E\n    \n                  073-338 00 15\n            \u003C\/div\u003E\n\n\n\n\n  \u003Cdiv class=\u0022field field--name-field-email field--type-email field__items\u0022\u003E\n    \n                  \u003Ca href=\u0022mailto:Pernilla.Block@puustelli.com\u0022\u003EPernilla.Block@puustelli.com\u003C\/a\u003E\n            \u003C\/div\u003E\n\n\n\n\n  \u003Cdiv class=\u0022wysiwyg-content clearfix text-formatted field field--name-body field--type-text-with-summary field__items\u0022\u003E\n    \n                  \u003Cp\u003E\u003Cspan lang=\u0022SV\u0022\u003EJag heter Pernilla Block och driver Puustelli K\u00f6k i Uddevalla och har jobbat med att rita k\u00f6k och f\u00f6rverkliga k\u00f6ksdr\u00f6mmar i ungef\u00e4r 10 \u00e5r. Det h\u00e4r \u00e4r v\u00e4rldens roligaste och mest inspirerande jobb man kan ha.\u003C\/span\u003E\u003C\/p\u003E\u003Cp\u003E\u003Cspan lang=\u0022SV\u0022\u003EInget k\u00f6k \u00e4r det andra likt, s\u00e5 det g\u00e4ller att hitta r\u00e4tt l\u00f6sningar, smarta l\u00f6sningar och nya l\u00f6sningar i varje k\u00f6k och f\u00f6r varje kund. Att f\u00e5 inspirera och f\u00f6lja med i hela processen fr\u00e5n f\u00f6rsta kundm\u00f6tet till f\u00e4rdigt k\u00f6k, \u00e4r en otrolig upplevelse.\u003C\/span\u003E\u003C\/p\u003E\u003Cp\u003E\u003Cspan lang=\u0022SV\u0022\u003EJag lyssnar p\u00e5 dig som kund och l\u00e4ser mellan raderna vad det faktiskt \u00e4r ni \u00f6nskar er i ert nya k\u00f6k, och f\u00f6rverkligar det.\u0026nbsp;Jag har ett stort intresse f\u00f6r design och inredning, men \u00e4ven f\u00f6r matlagning och bakning, det g\u00f6r att n\u00e4r jag ritar ditt k\u00f6k, s\u00e5 utg\u00e5r jag fr\u00e5n mig sj\u00e4lv och hur jag skulle rita mitt eget k\u00f6k.\u003C\/span\u003E\u003Cbr\u003E\u003Cspan lang=\u0022SV\u0022\u003EJag har s\u00e5 mycket id\u00e9er, former och f\u00e4rger i mitt huvud, s\u00e5 min man s\u00e4ger ofta \u2013 det \u00e4r sk\u00f6nt att du ritar och f\u00f6rverkligar andras k\u00f6ksdr\u00f6mmar,\u0026nbsp;eftersom vi sj\u00e4lva inte kan byta k\u00f6k hela tiden.\u003C\/span\u003E\u003C\/p\u003E\u003Cp\u003E\u003Cspan lang=\u0022SV\u0022\u003ES\u00e5 vill du ha hj\u00e4lp med att skapa ditt dr\u00f6mk\u00f6k, s\u00e5 \u00e4r du varmt v\u00e4lkommen in till mig p\u00e5\u0026nbsp;Lingatan 8 i Uddevalla, s\u00e5 ber\u00e4ttar jag mer om mig och vad Puustelli kan erbjuda.\u003C\/span\u003E\u003C\/p\u003E\n            \u003C\/div\u003E\n\n\n\n\n  \u003Cdiv class=\u0022field field--name-field-link field--type-link field__items\u0022\u003E\n    \n                  \u003Ca href=\u0022https:\/\/koksgalleri.se\/haku\/?_butik=uddevalla\u0026amp;_land=ruotsi\u0022\u003ESe k\u00f6k som butiken har levererat\u003C\/a\u003E\n            \u003C\/div\u003E\n\n\n\t\t\t\u003C\/div\u003E\n\t\t\t\t\t\u003C\/div\u003E\n\t\u003C\/article\u003E\n\n\n","dialogOptions":{"modal":true,"title":"Pernilla Block","classes":{"ui-dialog":"has-description"}}}]